{"id":84,"date":"2014-06-11T12:07:37","date_gmt":"2014-06-11T12:07:37","guid":{"rendered":"http:\/\/novo2017.assemit.com.br\/?p=84"},"modified":"2014-06-11T12:07:37","modified_gmt":"2014-06-11T12:07:37","slug":"nucleo-de-contadores","status":"publish","type":"post","link":"https:\/\/assemit.com.br\/novo\/?p=84","title":{"rendered":"N\u00facleo de Contadores"},"content":{"rendered":"<p>O N\u00facleo de Contadores e o centro acad\u00eamico Caduceu do curso de Ci\u00eancia Cont\u00e1beis da FAI Faculdades promoveu neste dia 09 de Junho (segunda-feira) na AFCAI Palestra: \u201cA Nova Era Cont\u00e1bil: Desafios e Grandes Oportunidades\u201d com o presidente do CRCSC Adilson Cordeiro.<\/p>\n<p><img loading=\"lazy\" decoding=\"async\" class=\" size-full wp-image-83\" src=\"http:\/\/novo2017.assemit.com.br\/wp-content\/uploads\/2014\/06\/rede.jpg\" border=\"0\" width=\"600\" height=\"440\" srcset=\"https:\/\/assemit.com.br\/novo\/wp-content\/uploads\/2014\/06\/rede.jpg 600w, https:\/\/assemit.com.br\/novo\/wp-content\/uploads\/2014\/06\/rede-300x220.jpg 300w\" sizes=\"auto, (max-width: 600px) 100vw, 600px\" \/><\/p>\n","protected":false},"excerpt":{"rendered":"<p>O N\u00facleo de Contadores e o centro acad\u00eamico Caduceu do curso de Ci\u00eancia Cont\u00e1beis da FAI Faculdades promoveu neste dia 09 de Junho (segunda-feira) na AFCAI Palestra: \u201cA Nova Era Cont\u00e1bil: Desafios e Grandes Oportunidades\u201d com o presidente do CRCSC [&hellip;]<\/p>\n","protected":false},"author":1,"featured_media":83,"comment_status":"open","ping_status":"open","sticky":false,"template":"","format":"standard","meta":{"ngg_post_thumbnail":0,"footnotes":""},"categories":[6],"tags":[],"class_list":["post-84","post","type-post","status-publish","format-standard","has-post-thumbnail","hentry","category-novidades"],"_links":{"self":[{"href":"https:\/\/assemit.com.br\/novo\/index.php?rest_route=\/wp\/v2\/posts\/84","targetHints":{"allow":["GET"]}}],"collection":[{"href":"https:\/\/assemit.com.br\/novo\/index.php?rest_route=\/wp\/v2\/posts"}],"about":[{"href":"https:\/\/assemit.com.br\/novo\/index.php?rest_route=\/wp\/v2\/types\/post"}],"author":[{"embeddable":true,"href":"https:\/\/assemit.com.br\/novo\/index.php?rest_route=\/wp\/v2\/users\/1"}],"replies":[{"embeddable":true,"href":"https:\/\/assemit.com.br\/novo\/index.php?rest_route=%2Fwp%2Fv2%2Fcomments&post=84"}],"version-history":[{"count":0,"href":"https:\/\/assemit.com.br\/novo\/index.php?rest_route=\/wp\/v2\/posts\/84\/revisions"}],"wp:featuredmedia":[{"embeddable":true,"href":"https:\/\/assemit.com.br\/novo\/index.php?rest_route=\/wp\/v2\/media\/83"}],"wp:attachment":[{"href":"https:\/\/assemit.com.br\/novo\/index.php?rest_route=%2Fwp%2Fv2%2Fmedia&parent=84"}],"wp:term":[{"taxonomy":"category","embeddable":true,"href":"https:\/\/assemit.com.br\/novo\/index.php?rest_route=%2Fwp%2Fv2%2Fcategories&post=84"},{"taxonomy":"post_tag","embeddable":true,"href":"https:\/\/assemit.com.br\/novo\/index.php?rest_route=%2Fwp%2Fv2%2Ftags&post=84"}],"curies":[{"name":"wp","href":"https:\/\/api.w.org\/{rel}","templated":true}]}}