{"id":86,"date":"2014-09-12T20:57:47","date_gmt":"2014-09-12T20:57:47","guid":{"rendered":"http:\/\/novo2017.assemit.com.br\/?p=86"},"modified":"2014-09-12T20:57:47","modified_gmt":"2014-09-12T20:57:47","slug":"feirao-do-imposto-e-realizado-em-itapiranga","status":"publish","type":"post","link":"https:\/\/assemit.com.br\/novo\/?p=86","title":{"rendered":"Feir\u00e3o do Imposto \u00e9 realizado em Itapiranga"},"content":{"rendered":"<p>O N\u00facleo do Jovem Empreendedor em parceria com os Cursos de Ci\u00eancias Cont\u00e1beis e Arquitetura e Urbanismo da<\/p>\n<p>Fai Faculdades e com apoio da ASSEMIT, N\u00facleo de Alimentos e empresas do munic\u00edpio, realizou no dia de hoje<\/p>\n<p>mais uma edi\u00e7\u00e3o do Feir\u00e3o do Imposto.<\/p>\n<p>O evento que tem por objetivo informar a popula\u00e7\u00e3o acerca da alta carga tributaria que o consumidor<\/p>\n<p>paga referente a cada produto ou bem de consumo.<\/p>\n<p>Atrav\u00e9s de ped\u00e1gio, centenas de pessoas foram abordadas nas ruas aonde foi entregue panfletos<\/p>\n<p>com orienta\u00e7\u00f5es sobre o Feir\u00e3o do Imposto e o MBE \u2013 Movimento Brasil Eficiente.<\/p>\n<p>Na Pra\u00e7a das Bandeiras foram expostos diversos produtos como bebidas, alimentos, material de limpeza, motocicletas,<\/p>\n<p>m<span style=\"line-height: 1.3em;\">ateriais de constru\u00e7\u00e3o, m\u00e1quinas e equipamentos agr\u00edcolas, ambos com suas respectivas cargas tribut\u00e1ria especificada.<\/span><\/p>\n<p>Foi poss\u00edvel mais uma vez constatar que a grande maioria dos cidad\u00e3os n\u00e3o tem no\u00e7\u00e3o de quanto pagam de imposto,<\/p>\n<p>diante disso \u00e9 poss\u00edvel perceber uma indigna\u00e7\u00e3o quanto \u00e0 grande quantidade e como \u00e9 feita a destina\u00e7\u00e3o destes impostos,<\/p>\n<p>j\u00e1 que a maioria e os mais altos s\u00e3o impostos Federais e Estaduais. Entre as centenas de pessoas que passaram na Pra\u00e7a das Bandeiras<\/p>\n<p>aonde os produtos estiveram expostos, foram sorteados diversos pr\u00eamios como sexta de produtos que foram doados pelos mercados da<\/p>\n<p>cidade e v\u00e1rios direito a compra sem imposto.<\/p>\n<p>\u00a0<\/p>\n<p>Desta forma o N\u00facleo do Jovem Empreendedor sente se honrado em poder contribuir com um projeto desta<\/p>\n<p>grandeza e import\u00e2ncia para o pa\u00eds inteiro, al\u00e9m de estar exercendo seus prop\u00f3sitos, empreendendo e contribuindo<\/p>\n<p>para um pa\u00eds mais justo com menos impostos e mais transpar\u00eancia e efici\u00eancia na aplica\u00e7\u00e3o dos recursos p\u00fablicos,<\/p>\n<p>para que seja poss\u00edvel promover um maior desenvolvimento, investindo mais e melhor na educa\u00e7\u00e3o, sa\u00fade, infraestrutura e no setor produtivo.<\/p>\n<p>O n\u00facleo agradece a todos os parceiros e as pessoas que mais uma vez est\u00e3o contribuindo com este projeto.<\/p>\n<div><img loading=\"lazy\" decoding=\"async\" class=\" size-full wp-image-85\" src=\"http:\/\/novo2017.assemit.com.br\/wp-content\/uploads\/2014\/09\/1209.jpg\" border=\"0\" width=\"600\" height=\"440\" srcset=\"https:\/\/assemit.com.br\/novo\/wp-content\/uploads\/2014\/09\/1209.jpg 600w, https:\/\/assemit.com.br\/novo\/wp-content\/uploads\/2014\/09\/1209-300x220.jpg 300w\" sizes=\"auto, (max-width: 600px) 100vw, 600px\" \/><\/div>\n","protected":false},"excerpt":{"rendered":"<p>O N\u00facleo do Jovem Empreendedor em parceria com os Cursos de Ci\u00eancias Cont\u00e1beis e Arquitetura e Urbanismo da Fai Faculdades e com apoio da ASSEMIT, N\u00facleo de Alimentos e empresas do munic\u00edpio, realizou no dia de hoje mais uma edi\u00e7\u00e3o [&hellip;]<\/p>\n","protected":false},"author":1,"featured_media":85,"comment_status":"open","ping_status":"open","sticky":false,"template":"","format":"standard","meta":{"ngg_post_thumbnail":0,"footnotes":""},"categories":[6],"tags":[],"class_list":["post-86","post","type-post","status-publish","format-standard","has-post-thumbnail","hentry","category-novidades"],"_links":{"self":[{"href":"https:\/\/assemit.com.br\/novo\/index.php?rest_route=\/wp\/v2\/posts\/86","targetHints":{"allow":["GET"]}}],"collection":[{"href":"https:\/\/assemit.com.br\/novo\/index.php?rest_route=\/wp\/v2\/posts"}],"about":[{"href":"https:\/\/assemit.com.br\/novo\/index.php?rest_route=\/wp\/v2\/types\/post"}],"author":[{"embeddable":true,"href":"https:\/\/assemit.com.br\/novo\/index.php?rest_route=\/wp\/v2\/users\/1"}],"replies":[{"embeddable":true,"href":"https:\/\/assemit.com.br\/novo\/index.php?rest_route=%2Fwp%2Fv2%2Fcomments&post=86"}],"version-history":[{"count":0,"href":"https:\/\/assemit.com.br\/novo\/index.php?rest_route=\/wp\/v2\/posts\/86\/revisions"}],"wp:featuredmedia":[{"embeddable":true,"href":"https:\/\/assemit.com.br\/novo\/index.php?rest_route=\/wp\/v2\/media\/85"}],"wp:attachment":[{"href":"https:\/\/assemit.com.br\/novo\/index.php?rest_route=%2Fwp%2Fv2%2Fmedia&parent=86"}],"wp:term":[{"taxonomy":"category","embeddable":true,"href":"https:\/\/assemit.com.br\/novo\/index.php?rest_route=%2Fwp%2Fv2%2Fcategories&post=86"},{"taxonomy":"post_tag","embeddable":true,"href":"https:\/\/assemit.com.br\/novo\/index.php?rest_route=%2Fwp%2Fv2%2Ftags&post=86"}],"curies":[{"name":"wp","href":"https:\/\/api.w.org\/{rel}","templated":true}]}}