{"id":88,"date":"2014-09-09T14:18:38","date_gmt":"2014-09-09T14:18:38","guid":{"rendered":"http:\/\/novo2017.assemit.com.br\/?p=88"},"modified":"2014-09-09T14:18:38","modified_gmt":"2014-09-09T14:18:38","slug":"nucleo-do-jovem-empreendedor-itapiranguense-realizara-feirao-do-imposto","status":"publish","type":"post","link":"https:\/\/assemit.com.br\/novo\/?p=88","title":{"rendered":"N\u00facleo do Jovem Empreendedor Itapiranguense realizar\u00e1 Feir\u00e3o do Imposto"},"content":{"rendered":"<p>Participe ser\u00e1 dia 12\/09 (Sexta-feira) nas Pra\u00e7a das Bandeiras.<\/p>\n<p>Com sorteio de Pr\u00eamios aos Participantes.<\/p>\n<p>O Feir\u00e3o do Imposto que \u00e9 um projeto legitimamente dos jovens empreendedores e empres\u00e1rios do Brasil,<\/p>\n<p>lidados a Confedera\u00e7\u00e3o Nacional dos Jovens Empres\u00e1rios (CONAJE). A ideia \u00e9 expor produtos com os valores reais<\/p>\n<p>e os valores sem a carga de impostos.<\/p>\n<p>Realiza\u00e7\u00e3o JEI:<\/p>\n<p>Apoio: FAI Faculdades Atrav\u00e9s do Curso de Ci\u00eancias Cont\u00e1beis Fai Faculdades, ASSEMIT, CEJESC, N\u00facleo de Alimentos.<\/p>\n<p><img decoding=\"async\" class=\" size-full wp-image-87\" src=\"http:\/\/novo2017.assemit.com.br\/wp-content\/uploads\/2014\/09\/feirao2_2.jpg\" border=\"0\" width=\"650\" srcset=\"https:\/\/assemit.com.br\/novo\/wp-content\/uploads\/2014\/09\/feirao2_2.jpg 1950w, https:\/\/assemit.com.br\/novo\/wp-content\/uploads\/2014\/09\/feirao2_2-200x300.jpg 200w, https:\/\/assemit.com.br\/novo\/wp-content\/uploads\/2014\/09\/feirao2_2-768x1154.jpg 768w, https:\/\/assemit.com.br\/novo\/wp-content\/uploads\/2014\/09\/feirao2_2-682x1024.jpg 682w, https:\/\/assemit.com.br\/novo\/wp-content\/uploads\/2014\/09\/feirao2_2-619x930.jpg 619w\" sizes=\"(max-width: 1950px) 100vw, 1950px\" \/><\/p>\n","protected":false},"excerpt":{"rendered":"<p>Participe ser\u00e1 dia 12\/09 (Sexta-feira) nas Pra\u00e7a das Bandeiras. Com sorteio de Pr\u00eamios aos Participantes. O Feir\u00e3o do Imposto que \u00e9 um projeto legitimamente dos jovens empreendedores e empres\u00e1rios do Brasil, lidados a Confedera\u00e7\u00e3o Nacional dos Jovens Empres\u00e1rios (CONAJE). A [&hellip;]<\/p>\n","protected":false},"author":1,"featured_media":87,"comment_status":"open","ping_status":"open","sticky":false,"template":"","format":"standard","meta":{"ngg_post_thumbnail":0,"footnotes":""},"categories":[6],"tags":[],"class_list":["post-88","post","type-post","status-publish","format-standard","has-post-thumbnail","hentry","category-novidades"],"_links":{"self":[{"href":"https:\/\/assemit.com.br\/novo\/index.php?rest_route=\/wp\/v2\/posts\/88","targetHints":{"allow":["GET"]}}],"collection":[{"href":"https:\/\/assemit.com.br\/novo\/index.php?rest_route=\/wp\/v2\/posts"}],"about":[{"href":"https:\/\/assemit.com.br\/novo\/index.php?rest_route=\/wp\/v2\/types\/post"}],"author":[{"embeddable":true,"href":"https:\/\/assemit.com.br\/novo\/index.php?rest_route=\/wp\/v2\/users\/1"}],"replies":[{"embeddable":true,"href":"https:\/\/assemit.com.br\/novo\/index.php?rest_route=%2Fwp%2Fv2%2Fcomments&post=88"}],"version-history":[{"count":0,"href":"https:\/\/assemit.com.br\/novo\/index.php?rest_route=\/wp\/v2\/posts\/88\/revisions"}],"wp:featuredmedia":[{"embeddable":true,"href":"https:\/\/assemit.com.br\/novo\/index.php?rest_route=\/wp\/v2\/media\/87"}],"wp:attachment":[{"href":"https:\/\/assemit.com.br\/novo\/index.php?rest_route=%2Fwp%2Fv2%2Fmedia&parent=88"}],"wp:term":[{"taxonomy":"category","embeddable":true,"href":"https:\/\/assemit.com.br\/novo\/index.php?rest_route=%2Fwp%2Fv2%2Fcategories&post=88"},{"taxonomy":"post_tag","embeddable":true,"href":"https:\/\/assemit.com.br\/novo\/index.php?rest_route=%2Fwp%2Fv2%2Ftags&post=88"}],"curies":[{"name":"wp","href":"https:\/\/api.w.org\/{rel}","templated":true}]}}