{"id":90,"date":"2014-09-05T11:12:06","date_gmt":"2014-09-05T11:12:06","guid":{"rendered":"http:\/\/novo2017.assemit.com.br\/?p=90"},"modified":"2014-09-05T11:12:06","modified_gmt":"2014-09-05T11:12:06","slug":"jovens-empreendedores-de-sao-miguel-do-oeste-e-itapiranga-encontram-se-para-falar-da-assembleia-do-cejesc","status":"publish","type":"post","link":"https:\/\/assemit.com.br\/novo\/?p=90","title":{"rendered":"Jovens Empreendedores de S\u00e3o Miguel do Oeste e Itapiranga encontram-se para falar da Assembleia do CEJESC"},"content":{"rendered":"<p>\u00a0<\/p>\n<p>N\u00facleo do Jovem Empreend<span style=\"line-height: 1.3em;\">edor de S\u00e3o Miguel do Oeste esteve em Itapiranga para convidar o Jovens Empreendedores<\/span><\/p>\n<p>para participar da AGO-Assembleia Geral Ordin\u00e1ria do CEJESC-Conselho do Jovem Empreendedor de Santa Catarina.<\/p>\n<p><span style=\"white-space: pre;\"> <\/span>Acontecer\u00e1 dia 18 e19 de Setembro desde ano na cidade de S\u00e3o Miguel do Oeste. Ser\u00e3o dois dias de intensa programa\u00e7\u00e3o,<\/p>\n<p>com intuito de capacitar, informar e aproximar os jovens de todo o estado.<\/p>\n<div><img loading=\"lazy\" decoding=\"async\" class=\" size-full wp-image-89\" src=\"http:\/\/novo2017.assemit.com.br\/wp-content\/uploads\/2014\/09\/img_5522.jpg\" border=\"0\" style=\"line-height: 1.3em;\" width=\"600\" height=\"440\" srcset=\"https:\/\/assemit.com.br\/novo\/wp-content\/uploads\/2014\/09\/img_5522.jpg 600w, https:\/\/assemit.com.br\/novo\/wp-content\/uploads\/2014\/09\/img_5522-300x220.jpg 300w\" sizes=\"auto, (max-width: 600px) 100vw, 600px\" \/><\/div>\n<div><\/div>\n","protected":false},"excerpt":{"rendered":"<p>\u00a0 N\u00facleo do Jovem Empreendedor de S\u00e3o Miguel do Oeste esteve em Itapiranga para convidar o Jovens Empreendedores para participar da AGO-Assembleia Geral Ordin\u00e1ria do CEJESC-Conselho do Jovem Empreendedor de Santa Catarina. Acontecer\u00e1 dia 18 e19 de Setembro desde ano [&hellip;]<\/p>\n","protected":false},"author":1,"featured_media":89,"comment_status":"open","ping_status":"open","sticky":false,"template":"","format":"standard","meta":{"ngg_post_thumbnail":0,"footnotes":""},"categories":[6],"tags":[],"class_list":["post-90","post","type-post","status-publish","format-standard","has-post-thumbnail","hentry","category-novidades"],"_links":{"self":[{"href":"https:\/\/assemit.com.br\/novo\/index.php?rest_route=\/wp\/v2\/posts\/90","targetHints":{"allow":["GET"]}}],"collection":[{"href":"https:\/\/assemit.com.br\/novo\/index.php?rest_route=\/wp\/v2\/posts"}],"about":[{"href":"https:\/\/assemit.com.br\/novo\/index.php?rest_route=\/wp\/v2\/types\/post"}],"author":[{"embeddable":true,"href":"https:\/\/assemit.com.br\/novo\/index.php?rest_route=\/wp\/v2\/users\/1"}],"replies":[{"embeddable":true,"href":"https:\/\/assemit.com.br\/novo\/index.php?rest_route=%2Fwp%2Fv2%2Fcomments&post=90"}],"version-history":[{"count":0,"href":"https:\/\/assemit.com.br\/novo\/index.php?rest_route=\/wp\/v2\/posts\/90\/revisions"}],"wp:featuredmedia":[{"embeddable":true,"href":"https:\/\/assemit.com.br\/novo\/index.php?rest_route=\/wp\/v2\/media\/89"}],"wp:attachment":[{"href":"https:\/\/assemit.com.br\/novo\/index.php?rest_route=%2Fwp%2Fv2%2Fmedia&parent=90"}],"wp:term":[{"taxonomy":"category","embeddable":true,"href":"https:\/\/assemit.com.br\/novo\/index.php?rest_route=%2Fwp%2Fv2%2Fcategories&post=90"},{"taxonomy":"post_tag","embeddable":true,"href":"https:\/\/assemit.com.br\/novo\/index.php?rest_route=%2Fwp%2Fv2%2Ftags&post=90"}],"curies":[{"name":"wp","href":"https:\/\/api.w.org\/{rel}","templated":true}]}}