{"id":92,"date":"2014-09-03T13:00:05","date_gmt":"2014-09-03T13:00:05","guid":{"rendered":"http:\/\/novo2017.assemit.com.br\/?p=92"},"modified":"2014-09-03T13:00:05","modified_gmt":"2014-09-03T13:00:05","slug":"assemit-e-prefeitura-municipal-reunem-se-para-discutir-assuntos-relevantes","status":"publish","type":"post","link":"https:\/\/assemit.com.br\/novo\/?p=92","title":{"rendered":"ASSEMIT e Prefeitura Municipal re\u00fanem-se para discutir assuntos relevantes"},"content":{"rendered":"<p>Preocupados com situa\u00e7\u00e3o atual da Ind\u00fastria e Comercio no munic\u00edpio a ASSEMIT Prefeito Milton Simon,<\/p>\n<p>Vice Prefeito In\u00e1cio Oswald e a Equipe T\u00e9cnica da Prefeitura reuniram-se nesta ter\u00e7a-feira (02) na sede da Associa\u00e7\u00e3o, no anseio de <span style=\"white-space: pre;\"> <\/span> informa\u00e7\u00f5es e defini\u00e7\u00f5es.<\/p>\n<p>Foram \u00a0identificadas as principais necessidades e a\u00e7\u00f5es a serem tomadas e com o intuito de contribuir para o<\/p>\n<p>desenvolvimento do setor empresarial do nosso munic\u00edpio.<\/p>\n<p>Dentre muitos dos assuntos discutidos o principal assunto foi a compra da \u00c1rea Industrial e tamb\u00e9m a<\/p>\n<p>APP- \u00c1rea de Preserva\u00e7\u00e3o Permanente e Cria\u00e7\u00e3o da Secretaria De Ind\u00fastria e Com\u00e9rcio.<\/p>\n<p><img loading=\"lazy\" decoding=\"async\" class=\" size-full wp-image-91\" src=\"http:\/\/novo2017.assemit.com.br\/wp-content\/uploads\/2014\/09\/prefeito.jpg\" border=\"0\" width=\"700\" height=\"440\" srcset=\"https:\/\/assemit.com.br\/novo\/wp-content\/uploads\/2014\/09\/prefeito.jpg 700w, https:\/\/assemit.com.br\/novo\/wp-content\/uploads\/2014\/09\/prefeito-300x189.jpg 300w, https:\/\/assemit.com.br\/novo\/wp-content\/uploads\/2014\/09\/prefeito-619x389.jpg 619w\" sizes=\"auto, (max-width: 700px) 100vw, 700px\" \/><\/p>\n","protected":false},"excerpt":{"rendered":"<p>Preocupados com situa\u00e7\u00e3o atual da Ind\u00fastria e Comercio no munic\u00edpio a ASSEMIT Prefeito Milton Simon, Vice Prefeito In\u00e1cio Oswald e a Equipe T\u00e9cnica da Prefeitura reuniram-se nesta ter\u00e7a-feira (02) na sede da Associa\u00e7\u00e3o, no anseio de informa\u00e7\u00f5es e defini\u00e7\u00f5es. Foram [&hellip;]<\/p>\n","protected":false},"author":1,"featured_media":91,"comment_status":"open","ping_status":"open","sticky":false,"template":"","format":"standard","meta":{"ngg_post_thumbnail":0,"footnotes":""},"categories":[6],"tags":[],"class_list":["post-92","post","type-post","status-publish","format-standard","has-post-thumbnail","hentry","category-novidades"],"_links":{"self":[{"href":"https:\/\/assemit.com.br\/novo\/index.php?rest_route=\/wp\/v2\/posts\/92","targetHints":{"allow":["GET"]}}],"collection":[{"href":"https:\/\/assemit.com.br\/novo\/index.php?rest_route=\/wp\/v2\/posts"}],"about":[{"href":"https:\/\/assemit.com.br\/novo\/index.php?rest_route=\/wp\/v2\/types\/post"}],"author":[{"embeddable":true,"href":"https:\/\/assemit.com.br\/novo\/index.php?rest_route=\/wp\/v2\/users\/1"}],"replies":[{"embeddable":true,"href":"https:\/\/assemit.com.br\/novo\/index.php?rest_route=%2Fwp%2Fv2%2Fcomments&post=92"}],"version-history":[{"count":0,"href":"https:\/\/assemit.com.br\/novo\/index.php?rest_route=\/wp\/v2\/posts\/92\/revisions"}],"wp:featuredmedia":[{"embeddable":true,"href":"https:\/\/assemit.com.br\/novo\/index.php?rest_route=\/wp\/v2\/media\/91"}],"wp:attachment":[{"href":"https:\/\/assemit.com.br\/novo\/index.php?rest_route=%2Fwp%2Fv2%2Fmedia&parent=92"}],"wp:term":[{"taxonomy":"category","embeddable":true,"href":"https:\/\/assemit.com.br\/novo\/index.php?rest_route=%2Fwp%2Fv2%2Fcategories&post=92"},{"taxonomy":"post_tag","embeddable":true,"href":"https:\/\/assemit.com.br\/novo\/index.php?rest_route=%2Fwp%2Fv2%2Ftags&post=92"}],"curies":[{"name":"wp","href":"https:\/\/api.w.org\/{rel}","templated":true}]}}