{"id":96,"date":"2014-08-23T11:39:17","date_gmt":"2014-08-23T11:39:17","guid":{"rendered":"http:\/\/novo2017.assemit.com.br\/?p=96"},"modified":"2014-08-23T11:39:17","modified_gmt":"2014-08-23T11:39:17","slug":"assembleia-do-mes-do-agosto-com-homenagem-e-jantar-em-comemoracao-ao-dia-dos-pais","status":"publish","type":"post","link":"https:\/\/assemit.com.br\/novo\/?p=96","title":{"rendered":"Assembleia do M\u00eas do Agosto com Homenagem e Jantar em Comemora\u00e7\u00e3o ao Dia dos Pais"},"content":{"rendered":"<p>Nesta ultima Sexta-feira, 22, a Assemit realizou assembleia dentre muitos assuntos que foram discutidos, sobre o Baile da Assemit o que ficou definido que esse ano seria feito um jantar dan\u00e7ante, tamb\u00e9m sobre fazer um feir\u00e3o de alguns materiais estocados na Assemit.<\/p>\n<p>Esteve presente a Escola S\u00e3o Vicente que apresentou um Projeto de Empreendedorismo, ainda o gerente da Caixa Econ\u00f4mica Federal que apresentou novas Linhas de Cr\u00e9dito e o tamb\u00e9m o Sr. Nelson Arenhardt do Setor de Urbanismo para apresentar o Concurso de Decora\u00e7\u00e3o para Oktoberfest.<\/p>\n<p>Ainda foram repassados os Assuntos Gerais: A Contadora Tecla apresentou sobre o Conselheiro Cidad\u00e3o; \u00a0O contador Clemente falou sobre Palestra \u2013 Concorr\u00eancia Leal, COAF, Novas Regulamenta\u00e7\u00f5es p\/ Entidades Sem Fins Lucrativos; E tamb\u00e9m foi divulgado p I Simp\u00f3sio de Gest\u00e3o da FAI Faculdades que ser\u00e1 na Sociedade Recreativa Imigrantes com a seguinte programa\u00e7\u00e3o: 10\/09 \u2013 As hist\u00f3rias de um jovem empreendedor \u2013 Guilherme Alf; \u00a011\/09 \u2013 Teatro: \u201cA Incr\u00edvel Arte de vender\u201d \u2013 Companhia Seu Chico.<\/p>\n<p>Ap\u00f3s teve a apresenta\u00e7\u00e3o de uma homenagem aos Pais, com o Sr. Claudinei Lu\u00eds. Logo em seguida todos seguiram para o restaurante Central Gourmet para o jantar.<\/p>\n<p><img loading=\"lazy\" decoding=\"async\" class=\" size-full wp-image-95\" src=\"http:\/\/novo2017.assemit.com.br\/wp-content\/uploads\/2014\/08\/img_5461.jpg\" border=\"0\" width=\"600\" height=\"440\" srcset=\"https:\/\/assemit.com.br\/novo\/wp-content\/uploads\/2014\/08\/img_5461.jpg 600w, https:\/\/assemit.com.br\/novo\/wp-content\/uploads\/2014\/08\/img_5461-300x220.jpg 300w\" sizes=\"auto, (max-width: 600px) 100vw, 600px\" \/><\/p>\n<div><\/div>\n","protected":false},"excerpt":{"rendered":"<p>Nesta ultima Sexta-feira, 22, a Assemit realizou assembleia dentre muitos assuntos que foram discutidos, sobre o Baile da Assemit o que ficou definido que esse ano seria feito um jantar dan\u00e7ante, tamb\u00e9m sobre fazer um feir\u00e3o de alguns materiais estocados [&hellip;]<\/p>\n","protected":false},"author":1,"featured_media":95,"comment_status":"open","ping_status":"open","sticky":false,"template":"","format":"standard","meta":{"ngg_post_thumbnail":0,"footnotes":""},"categories":[6],"tags":[],"class_list":["post-96","post","type-post","status-publish","format-standard","has-post-thumbnail","hentry","category-novidades"],"_links":{"self":[{"href":"https:\/\/assemit.com.br\/novo\/index.php?rest_route=\/wp\/v2\/posts\/96","targetHints":{"allow":["GET"]}}],"collection":[{"href":"https:\/\/assemit.com.br\/novo\/index.php?rest_route=\/wp\/v2\/posts"}],"about":[{"href":"https:\/\/assemit.com.br\/novo\/index.php?rest_route=\/wp\/v2\/types\/post"}],"author":[{"embeddable":true,"href":"https:\/\/assemit.com.br\/novo\/index.php?rest_route=\/wp\/v2\/users\/1"}],"replies":[{"embeddable":true,"href":"https:\/\/assemit.com.br\/novo\/index.php?rest_route=%2Fwp%2Fv2%2Fcomments&post=96"}],"version-history":[{"count":0,"href":"https:\/\/assemit.com.br\/novo\/index.php?rest_route=\/wp\/v2\/posts\/96\/revisions"}],"wp:featuredmedia":[{"embeddable":true,"href":"https:\/\/assemit.com.br\/novo\/index.php?rest_route=\/wp\/v2\/media\/95"}],"wp:attachment":[{"href":"https:\/\/assemit.com.br\/novo\/index.php?rest_route=%2Fwp%2Fv2%2Fmedia&parent=96"}],"wp:term":[{"taxonomy":"category","embeddable":true,"href":"https:\/\/assemit.com.br\/novo\/index.php?rest_route=%2Fwp%2Fv2%2Fcategories&post=96"},{"taxonomy":"post_tag","embeddable":true,"href":"https:\/\/assemit.com.br\/novo\/index.php?rest_route=%2Fwp%2Fv2%2Ftags&post=96"}],"curies":[{"name":"wp","href":"https:\/\/api.w.org\/{rel}","templated":true}]}}